{"id":3183,"date":"2024-03-22T15:17:19","date_gmt":"2024-03-22T09:17:19","guid":{"rendered":"https:\/\/ambastana.esteri.it\/?p=3183"},"modified":"2024-03-22T15:17:19","modified_gmt":"2024-03-22T09:17:19","slug":"viii-giornata-del-design-italiano-nel-mondo-evento-di-presentazione-alla-farnesina","status":"publish","type":"post","link":"https:\/\/ambastana.esteri.it\/it\/news\/dall_ambasciata\/2024\/03\/viii-giornata-del-design-italiano-nel-mondo-evento-di-presentazione-alla-farnesina\/","title":{"rendered":"VIII giornata del Design Italiano nel Mondo &#8211; evento di presentazione alla Farnesina"},"content":{"rendered":"<p class=\"xmsonormal\" style=\"text-align: justify;\"><span lang=\"IT\">Gioved\u00ec 14 marzo 2024 si \u00e8 tenuto in Sala delle Conferenze Internazionali l\u2019evento di presentazione della VIII edizione della Giornata del Design Italiano nel mondo, dal titolo \u201cFabbricare valore &#8211; inclusivit\u00e0, innovazione e sostenibilit\u00e0\u201d (visionabile su YouTube <a href=\"https:\/\/youtube.com\/live\/SJ9_en4xv28?feature=share\" target=\"_blank\" rel=\"noopener\">in lingua italiana<\/a> e <a href=\"https:\/\/youtube.com\/live\/9TUgY-HS2Xo?feature=share\" target=\"_blank\" rel=\"noopener\">inglese<\/a>, assieme alle <a href=\"https:\/\/youtu.be\/OJF8BS8Kjv8\">video interviste al Ministro degli Esteri Tajani, alla Sottosegretaria agli Esteri Tripodi e alle altre personalit\u00e0 del settore intervenute\u00a0<\/a>.<\/span><\/p>\n<p class=\"xmsonormal\" style=\"text-align: justify;\"><span lang=\"IT\">Al centro di questa VIII edizione \u00e8 stato posto il tema delle materie prime di qualit\u00e0 e dei processi produttivi che coniugano tradizione, artigianalit\u00e0 e tecniche innovative e sostenibili, insieme a una manifattura di eccellenza quali fattori che caratterizzano e contraddistinguono il disegno industriale italiano. In linea di continuit\u00e0 con l\u2019edizione passata, si \u00e8 posto l&#8217;accento sul processo produttivo che porta alla creazione di oggetti di design industriale &#8220;belli&#8221; da un punto di vista estetico, ma anche di elevato valore &#8220;materiale&#8221;, ribadendo cos\u00ec il primato manifatturiero e produttivo italiano.<\/span><\/p>\n<p class=\"xmsonormal\" style=\"text-align: justify;\"><span lang=\"IT\">\u00a0<\/span><span lang=\"IT\">Il catalogo completo dell\u2019IDD2024 \u00e8 scaricabile cliccando <a href=\"https:\/\/ambastana.esteri.it\/wp-content\/uploads\/2024\/03\/CatalogoIDD2024.pdf\">qui<\/a><\/span><\/p>\n","protected":false},"excerpt":{"rendered":"Gioved\u00ec 14 marzo 2024 si \u00e8 tenuto in Sala delle Conferenze Internazionali l\u2019evento di presentazione della VIII edizione della Giornata del Design Italiano nel mondo, dal titolo \u201cFabbricare valore &#8211; inclusivit\u00e0, innovazione e sostenibilit\u00e0\u201d (visionabile su YouTube in lingua italiana e inglese, assieme alle video interviste al Ministro degli Esteri Tajani, alla Sottosegretaria agli Esteri [&hellip;]","protected":false},"author":4,"featured_media":3089,"comment_status":"closed","ping_status":"closed","sticky":false,"template":"","format":"standard","meta":{"footnotes":""},"tags":[],"class_list":["post-3183","post","type-post","status-publish","format-standard","has-post-thumbnail","hentry"],"_links":{"self":[{"href":"https:\/\/ambastana.esteri.it\/it\/wp-json\/wp\/v2\/posts\/3183","targetHints":{"allow":["GET"]}}],"collection":[{"href":"https:\/\/ambastana.esteri.it\/it\/wp-json\/wp\/v2\/posts"}],"about":[{"href":"https:\/\/ambastana.esteri.it\/it\/wp-json\/wp\/v2\/types\/post"}],"author":[{"embeddable":true,"href":"https:\/\/ambastana.esteri.it\/it\/wp-json\/wp\/v2\/users\/4"}],"replies":[{"embeddable":true,"href":"https:\/\/ambastana.esteri.it\/it\/wp-json\/wp\/v2\/comments?post=3183"}],"version-history":[{"count":1,"href":"https:\/\/ambastana.esteri.it\/it\/wp-json\/wp\/v2\/posts\/3183\/revisions"}],"predecessor-version":[{"id":3191,"href":"https:\/\/ambastana.esteri.it\/it\/wp-json\/wp\/v2\/posts\/3183\/revisions\/3191"}],"wp:featuredmedia":[{"embeddable":true,"href":"https:\/\/ambastana.esteri.it\/it\/wp-json\/wp\/v2\/media\/3089"}],"wp:attachment":[{"href":"https:\/\/ambastana.esteri.it\/it\/wp-json\/wp\/v2\/media?parent=3183"}],"wp:term":[{"taxonomy":"post_tag","embeddable":true,"href":"https:\/\/ambastana.esteri.it\/it\/wp-json\/wp\/v2\/tags?post=3183"}],"curies":[{"name":"wp","href":"https:\/\/api.w.org\/{rel}","templated":true}]}}