{"id":2244,"date":"2023-11-30T21:02:01","date_gmt":"2023-11-30T15:02:01","guid":{"rendered":"https:\/\/ambastana.esteri.it\/?p=2244"},"modified":"2024-02-02T11:41:21","modified_gmt":"2024-02-02T05:41:21","slug":"inaugurazione-dellistituto-italiano-di-cultura-di-almaty-30-11-2023","status":"publish","type":"post","link":"https:\/\/ambastana.esteri.it\/it\/news\/dall_ambasciata\/2023\/11\/inaugurazione-dellistituto-italiano-di-cultura-di-almaty-30-11-2023\/","title":{"rendered":"Inaugurazione dell&#8217;Istituto Italiano di Cultura di Almaty \u2013 30.11.2023"},"content":{"rendered":"<p style=\"text-align: justify;\">\u00c8 stato inaugurato oggi il nuovo Istituto Italiano di Cultura ad Almaty, primo in Asia centrale. L&#8217;evento si \u00e8 svolto alla presenza di oltre cento ospiti appartenenti alla collettivit\u00e0 italiana, al mondo istituzionale, economico e culturale, esponenti del corpo diplomatico, nonch\u00e9 figure note della societ\u00e0 civile locale.<\/p>\n<p style=\"text-align: justify;\">Intervenendo in apertura della cerimonia, l\u2019Ambasciatore Alberti ha ricordato l&#8217;importanza della scelta fatta dal Ministero degli Affari Esteri e della Cooperazione Internazionale di aprire l&#8217;Istituto Italiano di Cultura ad Almaty, segno della considerazione attribuita dal Governo italiano alla promozione culturale come strumento di politica estera, ma anche alla rilevanza riconosciuta al Kazakistan nel panorama della regione centroasiatica. A seguire, il Vice Sindaco Alisher Abdykadyrov ha rivolto il proprio saluto in rappresentanza della Citt\u00e0 di Almaty. A completare le allocuzioni istituzionali, il Consigliere d\u2019Ambasciata Marco Cerbo in rappresentanza della Direzione Generale per la Diplomazia Pubblica e Digitale del MAECI e il Direttore dell&#8217;Istituto, Dr. Edoardo Crisafulli.<\/p>\n<p style=\"text-align: justify;\">Il tema scelto per accompagnare l&#8217;inaugurazione \u00e8 stato quello della Divina Commedia e, in particolare, la narrativa del viaggio in essa contenuta, declinata in due parti: una mostra, <em>&#8220;Drawing Dante &#8211; La Divina Commedia vista dal disegno, tra fumetto e illustrazione&#8221;<\/em>, in cui dodici artisti e artiste che rappresentano l&#8217;eccellenza e la diversit\u00e0 transgenerazionale del fumetto rivisitano liberamente, in chiave pop, l&#8217;opera dantesca; l&#8217;esposizione di una teca contenente una copia integrale della Commedia incisa con il laser su piastre di oro e titanio, andata in orbita con una missione partita dal cosmodromo di Baikonur in Kazakistan, e tornata sulla terra dopo un viaggio nello spazio.<\/p>\n<p style=\"text-align: justify;\">Il nuovo Istituto, inteso come luogo fisico per lo svolgimento di attivit\u00e0 promozionali e didattiche, ma anche come punto di incontro e interazione, arricchisce e complementa la presenza del Sistema Italia in Kazakistan e contribuir\u00e0 a rispondere alla crescente attenzione del pubblico kazako verso l&#8217;espressione culturale del nostro Paese.<\/p>\n<p style=\"text-align: justify;\">\n","protected":false},"excerpt":{"rendered":"\u00c8 stato inaugurato oggi il nuovo Istituto Italiano di Cultura ad Almaty, primo in Asia centrale. L&#8217;evento si \u00e8 svolto alla presenza di oltre cento ospiti appartenenti alla collettivit\u00e0 italiana, al mondo istituzionale, economico e culturale, esponenti del corpo diplomatico, nonch\u00e9 figure note della societ\u00e0 civile locale. Intervenendo in apertura della cerimonia, l\u2019Ambasciatore Alberti ha [&hellip;]","protected":false},"author":4,"featured_media":2250,"comment_status":"closed","ping_status":"closed","sticky":false,"template":"","format":"standard","meta":{"footnotes":""},"tags":[7],"class_list":["post-2244","post","type-post","status-publish","format-standard","has-post-thumbnail","hentry","tag-diplomazia-culturale"],"_links":{"self":[{"href":"https:\/\/ambastana.esteri.it\/it\/wp-json\/wp\/v2\/posts\/2244","targetHints":{"allow":["GET"]}}],"collection":[{"href":"https:\/\/ambastana.esteri.it\/it\/wp-json\/wp\/v2\/posts"}],"about":[{"href":"https:\/\/ambastana.esteri.it\/it\/wp-json\/wp\/v2\/types\/post"}],"author":[{"embeddable":true,"href":"https:\/\/ambastana.esteri.it\/it\/wp-json\/wp\/v2\/users\/4"}],"replies":[{"embeddable":true,"href":"https:\/\/ambastana.esteri.it\/it\/wp-json\/wp\/v2\/comments?post=2244"}],"version-history":[{"count":3,"href":"https:\/\/ambastana.esteri.it\/it\/wp-json\/wp\/v2\/posts\/2244\/revisions"}],"predecessor-version":[{"id":2297,"href":"https:\/\/ambastana.esteri.it\/it\/wp-json\/wp\/v2\/posts\/2244\/revisions\/2297"}],"wp:featuredmedia":[{"embeddable":true,"href":"https:\/\/ambastana.esteri.it\/it\/wp-json\/wp\/v2\/media\/2250"}],"wp:attachment":[{"href":"https:\/\/ambastana.esteri.it\/it\/wp-json\/wp\/v2\/media?parent=2244"}],"wp:term":[{"taxonomy":"post_tag","embeddable":true,"href":"https:\/\/ambastana.esteri.it\/it\/wp-json\/wp\/v2\/tags?post=2244"}],"curies":[{"name":"wp","href":"https:\/\/api.w.org\/{rel}","templated":true}]}}