{"id":2172,"date":"2023-03-14T05:11:39","date_gmt":"2023-03-13T23:11:39","guid":{"rendered":"https:\/\/ambastana.esteri.it\/?p=2172"},"modified":"2023-10-20T14:57:37","modified_gmt":"2023-10-20T08:57:37","slug":"chiusura-al-pubblico-dellambasciata-per-trasloco","status":"publish","type":"post","link":"https:\/\/ambastana.esteri.it\/it\/news\/dall_ambasciata\/2023\/03\/chiusura-al-pubblico-dellambasciata-per-trasloco\/","title":{"rendered":"Chiusura al pubblico dell\u2019Ambasciata per trasloco."},"content":{"rendered":"<p style=\"text-align: justify;\"><strong>CHIUSURA AL PUBBLICO DELL\u2019AMBASCIATA PER TRASLOCO.<\/strong><\/p>\n<p style=\"text-align: justify;\">A partire <strong>dalle ore 13:00 di gioved\u00ec 16 marzo, e per tutte le giornate di venerd\u00ec 17 e luned\u00ec 20 marzo<\/strong>, l\u2019Ambasciata d\u2019Italia rester\u00e0 chiusa al pubblico per trasferimento ai nuovi locali siti all&#8217;ottavo piano del medesimo edificio sito in Via Kosmonavtov 62, Astana. L\u2019Ambasciata rester\u00e0 altres\u00ec chiusa anche marted\u00ec 21 marzo in occasione della festa del Nauryz. <strong>Le attivit\u00e0 riprenderanno regolarmente il successivo mercoled\u00ec 22 marzo<\/strong>. Verr\u00e0 in ogni caso garantita l&#8217;assistenza ai connazionali in situazioni d&#8217;emergenza.<\/p>\n<p style=\"text-align: justify;\">Coloro che hanno richiesto visto di ingresso con data di partenza compresa in questo periodo sono invitati a presentarsi per il ritiro del proprio passaporto tenendo presente quanto precede.<\/p>\n","protected":false},"excerpt":{"rendered":"CHIUSURA AL PUBBLICO DELL\u2019AMBASCIATA PER TRASLOCO. A partire dalle ore 13:00 di gioved\u00ec 16 marzo, e per tutte le giornate di venerd\u00ec 17 e luned\u00ec 20 marzo, l\u2019Ambasciata d\u2019Italia rester\u00e0 chiusa al pubblico per trasferimento ai nuovi locali siti all&#8217;ottavo piano del medesimo edificio sito in Via Kosmonavtov 62, Astana. L\u2019Ambasciata rester\u00e0 altres\u00ec chiusa anche [&hellip;]","protected":false},"author":4,"featured_media":0,"comment_status":"closed","ping_status":"closed","sticky":false,"template":"","format":"standard","meta":{"footnotes":""},"tags":[],"class_list":["post-2172","post","type-post","status-publish","format-standard","hentry"],"_links":{"self":[{"href":"https:\/\/ambastana.esteri.it\/it\/wp-json\/wp\/v2\/posts\/2172","targetHints":{"allow":["GET"]}}],"collection":[{"href":"https:\/\/ambastana.esteri.it\/it\/wp-json\/wp\/v2\/posts"}],"about":[{"href":"https:\/\/ambastana.esteri.it\/it\/wp-json\/wp\/v2\/types\/post"}],"author":[{"embeddable":true,"href":"https:\/\/ambastana.esteri.it\/it\/wp-json\/wp\/v2\/users\/4"}],"replies":[{"embeddable":true,"href":"https:\/\/ambastana.esteri.it\/it\/wp-json\/wp\/v2\/comments?post=2172"}],"version-history":[{"count":1,"href":"https:\/\/ambastana.esteri.it\/it\/wp-json\/wp\/v2\/posts\/2172\/revisions"}],"predecessor-version":[{"id":2173,"href":"https:\/\/ambastana.esteri.it\/it\/wp-json\/wp\/v2\/posts\/2172\/revisions\/2173"}],"wp:attachment":[{"href":"https:\/\/ambastana.esteri.it\/it\/wp-json\/wp\/v2\/media?parent=2172"}],"wp:term":[{"taxonomy":"post_tag","embeddable":true,"href":"https:\/\/ambastana.esteri.it\/it\/wp-json\/wp\/v2\/tags?post=2172"}],"curies":[{"name":"wp","href":"https:\/\/api.w.org\/{rel}","templated":true}]}}