{"id":1572,"date":"2017-05-03T06:40:54","date_gmt":"2017-05-03T00:40:54","guid":{"rendered":"https:\/\/ambastana.esteri.it\/news\/dall_ambasciata\/2017\/05\/cooperazione-inter-universitaria\/"},"modified":"2017-05-03T06:40:54","modified_gmt":"2017-05-03T00:40:54","slug":"cooperazione-inter-universitaria","status":"publish","type":"post","link":"https:\/\/ambastana.esteri.it\/it\/news\/dall_ambasciata\/2017\/05\/cooperazione-inter-universitaria\/","title":{"rendered":"Cooperazione inter-universitaria. Visita dell\u2019Universit\u00e0 Bologna (19-24 aprile)"},"content":{"rendered":"<p>Delegato per l\u2019area Europa dell\u2019Est e Paesi CSI, il prof. Stefano Bianchini ha compiuto un\u2019articolata visita in Kazakhstan e Kyrgyzstan per verificare i margini di ulteriore rafforzamento della presenza dell\u2019Universit\u00e0 di Bologna nella Regione. In particolare il prof.Bianchini ha incontrato ad Astana i colleghi delle Universit\u00e0 Nazarbayev, Euro-asiatica, Giuridica, Businees e Technology oltre ai resposnabili dell\u2019ente \u201cBolashak\u201d; ad Almaty i responsabili delle Universit\u00e0 Al Fahrabi, Management e British-Kazakh. A Bishkek \u00e8 stato ricevuto dal Ministro della Formazione ed ha visitato le Universit\u00e0 Internazionale ed Americana.<br \/>In una fase di forte dinamismo nelle relazioni accademiche italo-kazake l\u2019Universit\u00e0 di Bologna intende svolgere un ruolo di primo piano, anche nel contesto dei Programmi UE e mettendo a disposizione la sua nota esperienza in settori oggi molto importanti per il Kazakhstan, quale la formazione nel campo turistico.<\/p>\n<p><img decoding=\"async\" alt=\"img 3592\" src=\"resource\/img\/2017\/05\/img_3592.jpg\" \/><\/p>\n","protected":false},"excerpt":{"rendered":"Delegato per l\u2019area Europa dell\u2019Est e Paesi CSI, il prof. Stefano Bianchini ha compiuto un\u2019articolata visita in Kazakhstan e Kyrgyzstan per verificare i margini di ulteriore rafforzamento della presenza dell\u2019Universit\u00e0 di Bologna nella Regione. In particolare il prof.Bianchini ha incontrato ad Astana i colleghi delle Universit\u00e0 Nazarbayev, Euro-asiatica, Giuridica, Businees e Technology oltre ai resposnabili [&hellip;]","protected":false},"author":1,"featured_media":0,"comment_status":"","ping_status":"","sticky":false,"template":"","format":"standard","meta":{"footnotes":""},"tags":[],"class_list":["post-1572","post","type-post","status-publish","format-standard","hentry"],"_links":{"self":[{"href":"https:\/\/ambastana.esteri.it\/it\/wp-json\/wp\/v2\/posts\/1572","targetHints":{"allow":["GET"]}}],"collection":[{"href":"https:\/\/ambastana.esteri.it\/it\/wp-json\/wp\/v2\/posts"}],"about":[{"href":"https:\/\/ambastana.esteri.it\/it\/wp-json\/wp\/v2\/types\/post"}],"author":[{"embeddable":true,"href":"https:\/\/ambastana.esteri.it\/it\/wp-json\/wp\/v2\/users\/1"}],"replies":[{"embeddable":true,"href":"https:\/\/ambastana.esteri.it\/it\/wp-json\/wp\/v2\/comments?post=1572"}],"version-history":[{"count":0,"href":"https:\/\/ambastana.esteri.it\/it\/wp-json\/wp\/v2\/posts\/1572\/revisions"}],"wp:attachment":[{"href":"https:\/\/ambastana.esteri.it\/it\/wp-json\/wp\/v2\/media?parent=1572"}],"wp:term":[{"taxonomy":"post_tag","embeddable":true,"href":"https:\/\/ambastana.esteri.it\/it\/wp-json\/wp\/v2\/tags?post=1572"}],"curies":[{"name":"wp","href":"https:\/\/api.w.org\/{rel}","templated":true}]}}