{"id":1369,"date":"2020-07-11T08:55:34","date_gmt":"2020-07-11T02:55:34","guid":{"rendered":"https:\/\/ambastana.esteri.it\/news\/dall_ambasciata\/2020\/07\/procedure-per-l-ingresso-il-soggiorno_0\/"},"modified":"2020-07-11T08:55:34","modified_gmt":"2020-07-11T02:55:34","slug":"procedure-per-l-ingresso-il-soggiorno_0","status":"publish","type":"post","link":"https:\/\/ambastana.esteri.it\/it\/news\/dall_ambasciata\/2020\/07\/procedure-per-l-ingresso-il-soggiorno_0\/","title":{"rendered":"PROCEDURE PER L&#8217;INGRESSO, IL SOGGIORNO E L&#8217;IMMATRICOLAZIONE DEGLI STUDENTI RICHIEDENTI VISTO, RELATIVE AI CORSI DELLA FORMAZIONE SUPERIORE IN ITALIA, PRESSO LE ISTITUZIONI DELLA FORMAZIONE SUPERIORE VALIDE PER L&#8217;ANNO ACCADEMICO 2020-2021"},"content":{"rendered":"<p>Le presenti procedure sono subordinate alle attuali e future disposizioni emergenziali del Governo italiano e dell&#8217;Unione europea in materia di prevenzione e contenimento dell&#8217;epidemia del virus COVID 19.<\/p>\n<p>In considerazione delle disposizioni inviate alle istituzioni della formazione superiore dal Ministro dell&#8217;Universit\u00e0 e della Ricerca e relative all&#8217;avvio dell&#8217;anno accademico 2020\/21, si rileva come a fronte del permanere della situazione di emergenza COVID-19, la mobilit\u00e0 fisica degli studenti internazionali verso l&#8217;Italia potr\u00e0 essere sostituita se necessario, almeno per tutto il 2020, con attivit\u00e0 didattiche a distanza.<\/p>\n<p>Ci\u00f2 non toglie che tali studenti internazionali, qualora necessitino del visto di ingresso in Italia, dovranno comunque e in maniera tempestiva provvedere alla richiesta di visto per motivi di studio presso le Rappresentanze diplomatico-consolari di riferimento per i rispettivi luoghi di residenza, al fine di utilizzare tale visto non appena le condizioni lo consentiranno. Le procedure di rilascio di tali visti dovranno essere concluse, fatta salva differente futura indicazione, entro il 30 novembre 2020, onde consentire l&#8217;effettiva immatricolazione degli studenti internazionali ed il successivo pagamento delle tasse universitarie.<\/p>\n<p>Per il rilascio del visto ai candidati dei corsi di studio presso le universit\u00e0 italiane, la domanda di preiscrizione verr\u00e0 presentata attraverso il portale UNIVERSITALY, <a href=\"https:\/\/www.universitaly.it\/index.php\/\">https:\/\/www.universitaly.it\/index.php\/<\/a>, secondo le indicazioni gi\u00e0 pervenute presso tutti gli atenei italiani.<\/p>\n<p>Procedure in italiano: <a href=\"https:\/\/www.studiare-in-italia.it\/studentistranieri\/moduli\/2020\/Circolare_2020_2021.pdf\">https:\/\/www.studiare-in-italia.it\/studentistranieri\/moduli\/2020\/Circolare_2020_2021.pdf<\/a><\/p>\n<p>Procedure in inglese: <a href=\"https:\/\/www.studiare-in-italia.it\/studentistranieri\/moduli\/2020\/Circolare_2020_2021_EN.pdf\">https:\/\/www.studiare-in-italia.it\/studentistranieri\/moduli\/2020\/Circolare_2020_2021_EN.pdf<\/a><\/p>\n<p>\u00a0<\/p>\n","protected":false},"excerpt":{"rendered":"Le presenti procedure sono subordinate alle attuali e future disposizioni emergenziali del Governo italiano e dell&#8217;Unione europea in materia di prevenzione e contenimento dell&#8217;epidemia del virus COVID 19. In considerazione delle disposizioni inviate alle istituzioni della formazione superiore dal Ministro dell&#8217;Universit\u00e0 e della Ricerca e relative all&#8217;avvio dell&#8217;anno accademico 2020\/21, si rileva come a fronte [&hellip;]","protected":false},"author":1,"featured_media":0,"comment_status":"","ping_status":"","sticky":false,"template":"","format":"standard","meta":{"footnotes":""},"tags":[],"class_list":["post-1369","post","type-post","status-publish","format-standard","hentry"],"_links":{"self":[{"href":"https:\/\/ambastana.esteri.it\/it\/wp-json\/wp\/v2\/posts\/1369","targetHints":{"allow":["GET"]}}],"collection":[{"href":"https:\/\/ambastana.esteri.it\/it\/wp-json\/wp\/v2\/posts"}],"about":[{"href":"https:\/\/ambastana.esteri.it\/it\/wp-json\/wp\/v2\/types\/post"}],"author":[{"embeddable":true,"href":"https:\/\/ambastana.esteri.it\/it\/wp-json\/wp\/v2\/users\/1"}],"replies":[{"embeddable":true,"href":"https:\/\/ambastana.esteri.it\/it\/wp-json\/wp\/v2\/comments?post=1369"}],"version-history":[{"count":0,"href":"https:\/\/ambastana.esteri.it\/it\/wp-json\/wp\/v2\/posts\/1369\/revisions"}],"wp:attachment":[{"href":"https:\/\/ambastana.esteri.it\/it\/wp-json\/wp\/v2\/media?parent=1369"}],"wp:term":[{"taxonomy":"post_tag","embeddable":true,"href":"https:\/\/ambastana.esteri.it\/it\/wp-json\/wp\/v2\/tags?post=1369"}],"curies":[{"name":"wp","href":"https:\/\/api.w.org\/{rel}","templated":true}]}}