{"id":1174,"date":"2022-08-19T06:20:40","date_gmt":"2022-08-19T00:20:40","guid":{"rendered":"https:\/\/ambastana.esteri.it\/news\/dall_ambasciata\/2022\/08\/premio-science-she-says-pubblicazione\/"},"modified":"2023-12-12T12:16:58","modified_gmt":"2023-12-12T06:16:58","slug":"premio-science-she-says-pubblicazione","status":"publish","type":"post","link":"https:\/\/ambastana.esteri.it\/it\/news\/dall_ambasciata\/2022\/08\/premio-science-she-says-pubblicazione\/","title":{"rendered":"Premio &#8220;Science, she says!&#8221; &#8211; pubblicazione del bando (scadenza 14 settembre 2022)."},"content":{"rendered":"<p style=\"text-align: justify;\">La Direzione Generale per il Sistema Paese del Ministero degli Affari Esteri e della Cooperazione Internazionale ha bandito la <strong>prima edizione del premio &#8220;Science, She Says!&#8221;<\/strong>, dedicato a giovani ricercatrici straniere che si sono particolarmente distinte nel contesto del Paese in cui operano.<\/p>\n<p style=\"text-align: justify;\">Il premio verr\u00e0 assegnato in occasione della prossima Conferenza delle Addette e degli Addetti Scientifici che si terr\u00e0 in autunno a Padova. Come per gli altri due premi tradizionalmente assegnati in tale occasione, il riconoscimento sar\u00e0 rappresentato da una medaglia e un Diploma a firma del Ministro.<\/p>\n<p style=\"text-align: justify;\">Per la partecipazione al premio si rinvia ad una attenta <strong>lettura dell&#8217;<\/strong><a href=\"https:\/\/ambastana.esteri.it\/wp-content\/uploads\/2022\/08\/all.1_premio_science__she_says_.pdf\" target=\"_blank\" rel=\"noopener\">allegato bando<\/a>. <strong><span style=\"text-decoration: underline;\">Il termine per la presentazione delle domande di partecipazione \u00e8 mercoled\u00ec 14 settembre 2022, ore 16:00<\/span><\/strong>.<\/p>\n","protected":false},"excerpt":{"rendered":"La Direzione Generale per il Sistema Paese del Ministero degli Affari Esteri e della Cooperazione Internazionale ha bandito la prima edizione del premio &#8220;Science, She Says!&#8221;, dedicato a giovani ricercatrici straniere che si sono particolarmente distinte nel contesto del Paese in cui operano. Il premio verr\u00e0 assegnato in occasione della prossima Conferenza delle Addette e [&hellip;]","protected":false},"author":1,"featured_media":0,"comment_status":"closed","ping_status":"closed","sticky":false,"template":"","format":"standard","meta":{"footnotes":""},"tags":[],"class_list":["post-1174","post","type-post","status-publish","format-standard","hentry"],"_links":{"self":[{"href":"https:\/\/ambastana.esteri.it\/it\/wp-json\/wp\/v2\/posts\/1174","targetHints":{"allow":["GET"]}}],"collection":[{"href":"https:\/\/ambastana.esteri.it\/it\/wp-json\/wp\/v2\/posts"}],"about":[{"href":"https:\/\/ambastana.esteri.it\/it\/wp-json\/wp\/v2\/types\/post"}],"author":[{"embeddable":true,"href":"https:\/\/ambastana.esteri.it\/it\/wp-json\/wp\/v2\/users\/1"}],"replies":[{"embeddable":true,"href":"https:\/\/ambastana.esteri.it\/it\/wp-json\/wp\/v2\/comments?post=1174"}],"version-history":[{"count":2,"href":"https:\/\/ambastana.esteri.it\/it\/wp-json\/wp\/v2\/posts\/1174\/revisions"}],"predecessor-version":[{"id":2433,"href":"https:\/\/ambastana.esteri.it\/it\/wp-json\/wp\/v2\/posts\/1174\/revisions\/2433"}],"wp:attachment":[{"href":"https:\/\/ambastana.esteri.it\/it\/wp-json\/wp\/v2\/media?parent=1174"}],"wp:term":[{"taxonomy":"post_tag","embeddable":true,"href":"https:\/\/ambastana.esteri.it\/it\/wp-json\/wp\/v2\/tags?post=1174"}],"curies":[{"name":"wp","href":"https:\/\/api.w.org\/{rel}","templated":true}]}}